{"id":745,"date":"2026-03-05T10:01:02","date_gmt":"2026-03-05T13:01:02","guid":{"rendered":"https:\/\/hands.com.br\/academy\/?p=745"},"modified":"2026-03-05T11:36:04","modified_gmt":"2026-03-05T14:36:04","slug":"por-que-demografia-sozinha-nao-explica-comportamento","status":"publish","type":"post","link":"https:\/\/hands.com.br\/academy\/index.php\/2026\/03\/05\/por-que-demografia-sozinha-nao-explica-comportamento\/","title":{"rendered":"Por que demografia sozinha n\u00e3o explica comportamento"},"content":{"rendered":"\n<p><\/p>\n\n\n\n<figure class=\"wp-block-gallery has-nested-images columns-default is-cropped wp-block-gallery-1 is-layout-flex wp-block-gallery-is-layout-flex\">\n<figure class=\"wp-block-image size-large\"><img loading=\"lazy\" decoding=\"async\" width=\"600\" height=\"400\" data-id=\"747\" src=\"https:\/\/hands.com.br\/academy\/wp-content\/uploads\/2026\/03\/demografia-1.webp\" alt=\"\" class=\"wp-image-747\" srcset=\"https:\/\/hands.com.br\/academy\/wp-content\/uploads\/2026\/03\/demografia-1.webp 600w, https:\/\/hands.com.br\/academy\/wp-content\/uploads\/2026\/03\/demografia-1-300x200.webp 300w\" sizes=\"auto, (max-width: 600px) 100vw, 600px\" \/><\/figure>\n<\/figure>\n\n\n\n<p><\/p>\n\n\n\n<p>Um estudo publicado no <em>Journal of Consumer Research<\/em> refor\u00e7a uma transforma\u00e7\u00e3o que o mercado de m\u00eddia j\u00e1 come\u00e7a a perceber na pr\u00e1tica: <strong>a segmenta\u00e7\u00e3o demogr\u00e1fica tradicional vem perdendo efetividade quando utilizada de forma isolada<\/strong>.<\/p>\n\n\n\n<p>A pesquisa mostra que vari\u00e1veis amplas como idade, g\u00eanero ou renda s\u00e3o cada vez menos capazes de prever o comportamento real de consumo. Esses recortes continuam \u00fateis para descrever popula\u00e7\u00f5es, mas t\u00eam se mostrado limitados quando a tarefa \u00e9 explicar <strong>interesse, inten\u00e7\u00e3o ou tomada de decis\u00e3o<\/strong>.<\/p>\n\n\n\n<p>O motivo \u00e9 relativamente simples.<\/p>\n\n\n\n<p>Grupos demogr\u00e1ficos compartilham caracter\u00edsticas superficiais, n\u00e3o necessariamente comportamentos.<\/p>\n\n\n\n<p>Quando uma campanha parte de uma defini\u00e7\u00e3o como \u201cmulheres entre 25 e 45 anos\u201d ou \u201cclasse A\/B\u201d, existe uma suposi\u00e7\u00e3o impl\u00edcita de que essas vari\u00e1veis explicam prefer\u00eancia ou interesse. O estudo sugere exatamente o contr\u00e1rio: dentro de um mesmo grupo demogr\u00e1fico podem existir <strong>motiva\u00e7\u00f5es, jornadas e h\u00e1bitos completamente diferentes<\/strong>.<\/p>\n\n\n\n<p>Ao mesmo tempo, indiv\u00edduos pertencentes a grupos demogr\u00e1ficos totalmente distintos podem compartilhar <strong>comportamentos extremamente parecidos<\/strong> em rela\u00e7\u00e3o a determinados temas, interesses ou padr\u00f5es de consumo.<\/p>\n\n\n\n<p>Isso exp\u00f5e uma limita\u00e7\u00e3o estrutural da segmenta\u00e7\u00e3o tradicional.<\/p>\n\n\n\n<p>Demografia descreve quem as pessoas s\u00e3o.<\/p>\n\n\n\n<p>Mas raramente explica <strong>o que elas fazem<\/strong>.<\/p>\n\n\n\n<hr class=\"wp-block-separator has-alpha-channel-opacity\"\/>\n\n\n\n<h1 class=\"wp-block-heading\">O problema n\u00e3o \u00e9 a demografia<\/h1>\n\n\n\n<p><\/p>\n\n\n\n<p>\u00c9 importante deixar claro que o estudo n\u00e3o decreta o fim da segmenta\u00e7\u00e3o demogr\u00e1fica.<\/p>\n\n\n\n<p>Idade, renda e g\u00eanero continuam sendo vari\u00e1veis \u00fateis em diversas an\u00e1lises. Elas ajudam a entender composi\u00e7\u00e3o de mercado, dimensionamento de p\u00fablico e estrutura de consumo em larga escala.<\/p>\n\n\n\n<p>O problema surge quando esses recortes passam a ser utilizados como <strong>proxy de comportamento<\/strong>.<\/p>\n\n\n\n<p>Em outras palavras, quando se assume que duas pessoas pertencentes ao mesmo grupo demogr\u00e1fico ir\u00e3o necessariamente compartilhar interesses, h\u00e1bitos ou inten\u00e7\u00f5es de consumo.<\/p>\n\n\n\n<p>Na pr\u00e1tica, isso gera um efeito comum em campanhas digitais: audi\u00eancias grandes, mas pouco qualificadas.<\/p>\n\n\n\n<hr class=\"wp-block-separator has-alpha-channel-opacity\"\/>\n\n\n\n<h1 class=\"wp-block-heading\">Automa\u00e7\u00e3o n\u00e3o resolve dado raso<\/h1>\n\n\n\n<p><\/p>\n\n\n\n<p>Essa discuss\u00e3o ganha ainda mais relev\u00e2ncia no ambiente atual de m\u00eddia digital.<\/p>\n\n\n\n<p>Plataformas cada vez mais automatizadas prometem otimiza\u00e7\u00e3o constante, aprendizado de m\u00e1quina e efici\u00eancia de entrega. Mas existe uma premissa b\u00e1sica que muitas vezes passa despercebida:<\/p>\n\n\n\n<p>Algoritmos otimizam <strong>a partir do dado que recebem<\/strong>.<\/p>\n\n\n\n<p>Se o ponto de partida da segmenta\u00e7\u00e3o \u00e9 superficial, o sistema n\u00e3o cria profundidade. Ele apenas escala o mesmo recorte inicial.<\/p>\n\n\n\n<p>Em outras palavras, a automa\u00e7\u00e3o pode melhorar a entrega, mas <strong>n\u00e3o corrige um sinal de entrada fraco<\/strong>.<\/p>\n\n\n\n<p>Quando a segmenta\u00e7\u00e3o parte de vari\u00e1veis amplas e gen\u00e9ricas, o resultado tende a ser previs\u00edvel: grande volume de entrega, baixa qualidade de correspond\u00eancia comportamental.<\/p>\n\n\n\n<hr class=\"wp-block-separator has-alpha-channel-opacity\"\/>\n\n\n\n<h1 class=\"wp-block-heading\">Onde o comportamento entra na equa\u00e7\u00e3o<\/h1>\n\n\n\n<p><\/p>\n\n\n\n<p>\u00c9 nesse ponto que modelos baseados em comportamento come\u00e7am a ganhar relev\u00e2ncia.<\/p>\n\n\n\n<p>Ao inv\u00e9s de partir apenas de caracter\u00edsticas declarativas, esses modelos observam <strong>padr\u00f5es de a\u00e7\u00e3o ao longo do tempo<\/strong>.<\/p>\n\n\n\n<p>No contexto de dados de mobilidade, por exemplo, isso pode incluir vari\u00e1veis como:<\/p>\n\n\n\n<p>frequ\u00eancia de presen\u00e7a em determinados locais<br>tempo de perman\u00eancia<br>padr\u00f5es de deslocamento<br>recorr\u00eancia de visitas<br>contexto urbano das intera\u00e7\u00f5es<\/p>\n\n\n\n<p>Esse tipo de dado captura algo que a demografia n\u00e3o consegue: <strong>h\u00e1bito<\/strong>.<\/p>\n\n\n\n<p>Enquanto a demografia sugere probabilidade, o comportamento revela <strong>rotina<\/strong>.<\/p>\n\n\n\n<p>E rotinas s\u00e3o muito mais pr\u00f3ximas de decis\u00f5es reais de consumo.<\/p>\n\n\n\n<hr class=\"wp-block-separator has-alpha-channel-opacity\"\/>\n\n\n\n<h1 class=\"wp-block-heading\">A diferen\u00e7a entre agrupar e qualificar<\/h1>\n\n\n\n<p><\/p>\n\n\n\n<p>No final, a discuss\u00e3o n\u00e3o \u00e9 sobre abandonar completamente a demografia.<\/p>\n\n\n\n<p>Ela continua sendo uma camada \u00fatil de an\u00e1lise.<\/p>\n\n\n\n<p>A mudan\u00e7a estrutural est\u00e1 em entender que <strong>demografia e comportamento n\u00e3o cumprem o mesmo papel<\/strong> dentro de uma estrat\u00e9gia de m\u00eddia.<\/p>\n\n\n\n<p>Segmenta\u00e7\u00e3o demogr\u00e1fica tende a <strong>agrupar<\/strong>.<\/p>\n\n\n\n<p>Segmenta\u00e7\u00e3o comportamental tende a <strong>qualificar<\/strong>.<\/p>\n\n\n\n<p>Em um ambiente onde invent\u00e1rio cresce, plataformas automatizam entrega e a competi\u00e7\u00e3o por aten\u00e7\u00e3o aumenta, a profundidade da segmenta\u00e7\u00e3o passa a ser um dos principais determinantes de efici\u00eancia de m\u00eddia.<\/p>\n\n\n\n<p>Quando a base de dados \u00e9 superficial, a otimiza\u00e7\u00e3o apenas amplia o erro.<\/p>\n\n\n\n<p>Quando a base \u00e9 comportamental, a otimiza\u00e7\u00e3o amplia precis\u00e3o.<\/p>\n\n\n\n<hr class=\"wp-block-separator has-alpha-channel-opacity\"\/>\n\n\n\n<h1 class=\"wp-block-heading\">O que esse estudo sinaliza para o futuro da m\u00eddia<\/h1>\n\n\n\n<p><\/p>\n\n\n\n<p>O relat\u00f3rio n\u00e3o apresenta uma ruptura repentina. Ele apenas formaliza algo que j\u00e1 come\u00e7a a aparecer nas opera\u00e7\u00f5es de m\u00eddia mais maduras.<\/p>\n\n\n\n<p>Demografia isolada j\u00e1 n\u00e3o sustenta estrat\u00e9gias sofisticadas.<\/p>\n\n\n\n<p>\u00c0 medida que o mercado evolui para modelos cada vez mais orientados por dados, a capacidade de identificar <strong>padr\u00f5es reais de comportamento<\/strong> passa a ser mais relevante do que simplesmente classificar pessoas em grandes categorias estat\u00edsticas.<\/p>\n\n\n\n<p>Porque, no final das contas, campanhas n\u00e3o competem por perfis.<\/p>\n\n\n\n<p>Elas competem por <strong>aten\u00e7\u00e3o, contexto e inten\u00e7\u00e3o<\/strong>.<\/p>\n\n\n\n<p>E esses tr\u00eas elementos raramente s\u00e3o explicados apenas por idade, g\u00eanero ou renda.<\/p>\n","protected":false},"excerpt":{"rendered":"<p>Um estudo publicado no Journal of Consumer Research refor\u00e7a uma transforma\u00e7\u00e3o que o mercado de m\u00eddia j\u00e1 come\u00e7a a perceber na pr\u00e1tica: a segmenta\u00e7\u00e3o demogr\u00e1fica tradicional vem perdendo efetividade quando utilizada de forma isolada. A pesquisa mostra que vari\u00e1veis amplas como idade, g\u00eanero ou renda s\u00e3o cada vez menos capazes de prever o comportamento real [&hellip;]<\/p>\n","protected":false},"author":1,"featured_media":756,"comment_status":"closed","ping_status":"open","sticky":false,"template":"","format":"standard","meta":{"footnotes":""},"categories":[1],"tags":[],"class_list":["post-745","post","type-post","status-publish","format-standard","has-post-thumbnail","hentry","category-sem-categoria"],"yoast_head":"<!-- This site is optimized with the Yoast SEO plugin v26.2 - https:\/\/yoast.com\/wordpress\/plugins\/seo\/ -->\n<title>Por que demografia sozinha n\u00e3o explica comportamento - Hands Academy<\/title>\n<meta name=\"robots\" content=\"index, follow, max-snippet:-1, max-image-preview:large, max-video-preview:-1\" \/>\n<link rel=\"canonical\" href=\"https:\/\/hands.com.br\/academy\/index.php\/2026\/03\/05\/por-que-demografia-sozinha-nao-explica-comportamento\/\" \/>\n<meta property=\"og:locale\" content=\"pt_BR\" \/>\n<meta property=\"og:type\" content=\"article\" \/>\n<meta property=\"og:title\" content=\"Por que demografia sozinha n\u00e3o explica comportamento - Hands Academy\" \/>\n<meta property=\"og:description\" content=\"Um estudo publicado no Journal of Consumer Research refor\u00e7a uma transforma\u00e7\u00e3o que o mercado de m\u00eddia j\u00e1 come\u00e7a a perceber na pr\u00e1tica: a segmenta\u00e7\u00e3o demogr\u00e1fica tradicional vem perdendo efetividade quando utilizada de forma isolada. A pesquisa mostra que vari\u00e1veis amplas como idade, g\u00eanero ou renda s\u00e3o cada vez menos capazes de prever o comportamento real [&hellip;]\" \/>\n<meta property=\"og:url\" content=\"https:\/\/hands.com.br\/academy\/index.php\/2026\/03\/05\/por-que-demografia-sozinha-nao-explica-comportamento\/\" \/>\n<meta property=\"og:site_name\" content=\"Hands Academy\" \/>\n<meta property=\"article:published_time\" content=\"2026-03-05T13:01:02+00:00\" \/>\n<meta property=\"article:modified_time\" content=\"2026-03-05T14:36:04+00:00\" \/>\n<meta property=\"og:image\" content=\"https:\/\/hands.com.br\/academy\/wp-content\/uploads\/2026\/03\/Screenshot-2026-03-05-at-13.39.18.png\" \/>\n\t<meta property=\"og:image:width\" content=\"1192\" \/>\n\t<meta property=\"og:image:height\" content=\"616\" \/>\n\t<meta property=\"og:image:type\" content=\"image\/png\" \/>\n<meta name=\"author\" content=\"Administrador\" \/>\n<meta name=\"twitter:card\" content=\"summary_large_image\" \/>\n<meta name=\"twitter:label1\" content=\"Escrito por\" \/>\n\t<meta name=\"twitter:data1\" content=\"Administrador\" \/>\n\t<meta name=\"twitter:label2\" content=\"Est. tempo de leitura\" \/>\n\t<meta name=\"twitter:data2\" content=\"5 minutos\" \/>\n<script type=\"application\/ld+json\" class=\"yoast-schema-graph\">{\"@context\":\"https:\/\/schema.org\",\"@graph\":[{\"@type\":\"WebPage\",\"@id\":\"https:\/\/hands.com.br\/academy\/index.php\/2026\/03\/05\/por-que-demografia-sozinha-nao-explica-comportamento\/\",\"url\":\"https:\/\/hands.com.br\/academy\/index.php\/2026\/03\/05\/por-que-demografia-sozinha-nao-explica-comportamento\/\",\"name\":\"Por que demografia sozinha n\u00e3o explica comportamento - Hands Academy\",\"isPartOf\":{\"@id\":\"https:\/\/hands.com.br\/academy\/#website\"},\"primaryImageOfPage\":{\"@id\":\"https:\/\/hands.com.br\/academy\/index.php\/2026\/03\/05\/por-que-demografia-sozinha-nao-explica-comportamento\/#primaryimage\"},\"image\":{\"@id\":\"https:\/\/hands.com.br\/academy\/index.php\/2026\/03\/05\/por-que-demografia-sozinha-nao-explica-comportamento\/#primaryimage\"},\"thumbnailUrl\":\"https:\/\/hands.com.br\/academy\/wp-content\/uploads\/2026\/03\/Screenshot-2026-03-05-at-13.39.18.png\",\"datePublished\":\"2026-03-05T13:01:02+00:00\",\"dateModified\":\"2026-03-05T14:36:04+00:00\",\"author\":{\"@id\":\"https:\/\/hands.com.br\/academy\/#\/schema\/person\/9d852a6ed52a1379d769bf432727fa6b\"},\"breadcrumb\":{\"@id\":\"https:\/\/hands.com.br\/academy\/index.php\/2026\/03\/05\/por-que-demografia-sozinha-nao-explica-comportamento\/#breadcrumb\"},\"inLanguage\":\"pt-BR\",\"potentialAction\":[{\"@type\":\"ReadAction\",\"target\":[\"https:\/\/hands.com.br\/academy\/index.php\/2026\/03\/05\/por-que-demografia-sozinha-nao-explica-comportamento\/\"]}]},{\"@type\":\"ImageObject\",\"inLanguage\":\"pt-BR\",\"@id\":\"https:\/\/hands.com.br\/academy\/index.php\/2026\/03\/05\/por-que-demografia-sozinha-nao-explica-comportamento\/#primaryimage\",\"url\":\"https:\/\/hands.com.br\/academy\/wp-content\/uploads\/2026\/03\/Screenshot-2026-03-05-at-13.39.18.png\",\"contentUrl\":\"https:\/\/hands.com.br\/academy\/wp-content\/uploads\/2026\/03\/Screenshot-2026-03-05-at-13.39.18.png\",\"width\":1192,\"height\":616},{\"@type\":\"BreadcrumbList\",\"@id\":\"https:\/\/hands.com.br\/academy\/index.php\/2026\/03\/05\/por-que-demografia-sozinha-nao-explica-comportamento\/#breadcrumb\",\"itemListElement\":[{\"@type\":\"ListItem\",\"position\":1,\"name\":\"Home\",\"item\":\"https:\/\/hands.com.br\/academy\/\"},{\"@type\":\"ListItem\",\"position\":2,\"name\":\"Por que demografia sozinha n\u00e3o explica comportamento\"}]},{\"@type\":\"WebSite\",\"@id\":\"https:\/\/hands.com.br\/academy\/#website\",\"url\":\"https:\/\/hands.com.br\/academy\/\",\"name\":\"Hands Academy\",\"description\":\"A Hands Mobile \u00e9 uma empresa de tecnologia que reune intelig\u00eancia de dados e ativa\u00e7\u00e3o contextualizada.\",\"potentialAction\":[{\"@type\":\"SearchAction\",\"target\":{\"@type\":\"EntryPoint\",\"urlTemplate\":\"https:\/\/hands.com.br\/academy\/?s={search_term_string}\"},\"query-input\":{\"@type\":\"PropertyValueSpecification\",\"valueRequired\":true,\"valueName\":\"search_term_string\"}}],\"inLanguage\":\"pt-BR\"},{\"@type\":\"Person\",\"@id\":\"https:\/\/hands.com.br\/academy\/#\/schema\/person\/9d852a6ed52a1379d769bf432727fa6b\",\"name\":\"Administrador\",\"image\":{\"@type\":\"ImageObject\",\"inLanguage\":\"pt-BR\",\"@id\":\"https:\/\/hands.com.br\/academy\/#\/schema\/person\/image\/\",\"url\":\"https:\/\/secure.gravatar.com\/avatar\/6e97dd3e920664b2dbdc3a3ce28676f57cab114eea36c03b241a8d3e57702a5c?s=96&d=mm&r=g\",\"contentUrl\":\"https:\/\/secure.gravatar.com\/avatar\/6e97dd3e920664b2dbdc3a3ce28676f57cab114eea36c03b241a8d3e57702a5c?s=96&d=mm&r=g\",\"caption\":\"Administrador\"},\"sameAs\":[\"https:\/\/hands.com.br\/academy\"],\"url\":\"https:\/\/hands.com.br\/academy\/index.php\/author\/administrador\/\"}]}<\/script>\n<!-- \/ Yoast SEO plugin. -->","yoast_head_json":{"title":"Por que demografia sozinha n\u00e3o explica comportamento - Hands Academy","robots":{"index":"index","follow":"follow","max-snippet":"max-snippet:-1","max-image-preview":"max-image-preview:large","max-video-preview":"max-video-preview:-1"},"canonical":"https:\/\/hands.com.br\/academy\/index.php\/2026\/03\/05\/por-que-demografia-sozinha-nao-explica-comportamento\/","og_locale":"pt_BR","og_type":"article","og_title":"Por que demografia sozinha n\u00e3o explica comportamento - Hands Academy","og_description":"Um estudo publicado no Journal of Consumer Research refor\u00e7a uma transforma\u00e7\u00e3o que o mercado de m\u00eddia j\u00e1 come\u00e7a a perceber na pr\u00e1tica: a segmenta\u00e7\u00e3o demogr\u00e1fica tradicional vem perdendo efetividade quando utilizada de forma isolada. A pesquisa mostra que vari\u00e1veis amplas como idade, g\u00eanero ou renda s\u00e3o cada vez menos capazes de prever o comportamento real [&hellip;]","og_url":"https:\/\/hands.com.br\/academy\/index.php\/2026\/03\/05\/por-que-demografia-sozinha-nao-explica-comportamento\/","og_site_name":"Hands Academy","article_published_time":"2026-03-05T13:01:02+00:00","article_modified_time":"2026-03-05T14:36:04+00:00","og_image":[{"width":1192,"height":616,"url":"https:\/\/hands.com.br\/academy\/wp-content\/uploads\/2026\/03\/Screenshot-2026-03-05-at-13.39.18.png","type":"image\/png"}],"author":"Administrador","twitter_card":"summary_large_image","twitter_misc":{"Escrito por":"Administrador","Est. tempo de leitura":"5 minutos"},"schema":{"@context":"https:\/\/schema.org","@graph":[{"@type":"WebPage","@id":"https:\/\/hands.com.br\/academy\/index.php\/2026\/03\/05\/por-que-demografia-sozinha-nao-explica-comportamento\/","url":"https:\/\/hands.com.br\/academy\/index.php\/2026\/03\/05\/por-que-demografia-sozinha-nao-explica-comportamento\/","name":"Por que demografia sozinha n\u00e3o explica comportamento - Hands Academy","isPartOf":{"@id":"https:\/\/hands.com.br\/academy\/#website"},"primaryImageOfPage":{"@id":"https:\/\/hands.com.br\/academy\/index.php\/2026\/03\/05\/por-que-demografia-sozinha-nao-explica-comportamento\/#primaryimage"},"image":{"@id":"https:\/\/hands.com.br\/academy\/index.php\/2026\/03\/05\/por-que-demografia-sozinha-nao-explica-comportamento\/#primaryimage"},"thumbnailUrl":"https:\/\/hands.com.br\/academy\/wp-content\/uploads\/2026\/03\/Screenshot-2026-03-05-at-13.39.18.png","datePublished":"2026-03-05T13:01:02+00:00","dateModified":"2026-03-05T14:36:04+00:00","author":{"@id":"https:\/\/hands.com.br\/academy\/#\/schema\/person\/9d852a6ed52a1379d769bf432727fa6b"},"breadcrumb":{"@id":"https:\/\/hands.com.br\/academy\/index.php\/2026\/03\/05\/por-que-demografia-sozinha-nao-explica-comportamento\/#breadcrumb"},"inLanguage":"pt-BR","potentialAction":[{"@type":"ReadAction","target":["https:\/\/hands.com.br\/academy\/index.php\/2026\/03\/05\/por-que-demografia-sozinha-nao-explica-comportamento\/"]}]},{"@type":"ImageObject","inLanguage":"pt-BR","@id":"https:\/\/hands.com.br\/academy\/index.php\/2026\/03\/05\/por-que-demografia-sozinha-nao-explica-comportamento\/#primaryimage","url":"https:\/\/hands.com.br\/academy\/wp-content\/uploads\/2026\/03\/Screenshot-2026-03-05-at-13.39.18.png","contentUrl":"https:\/\/hands.com.br\/academy\/wp-content\/uploads\/2026\/03\/Screenshot-2026-03-05-at-13.39.18.png","width":1192,"height":616},{"@type":"BreadcrumbList","@id":"https:\/\/hands.com.br\/academy\/index.php\/2026\/03\/05\/por-que-demografia-sozinha-nao-explica-comportamento\/#breadcrumb","itemListElement":[{"@type":"ListItem","position":1,"name":"Home","item":"https:\/\/hands.com.br\/academy\/"},{"@type":"ListItem","position":2,"name":"Por que demografia sozinha n\u00e3o explica comportamento"}]},{"@type":"WebSite","@id":"https:\/\/hands.com.br\/academy\/#website","url":"https:\/\/hands.com.br\/academy\/","name":"Hands Academy","description":"A Hands Mobile \u00e9 uma empresa de tecnologia que reune intelig\u00eancia de dados e ativa\u00e7\u00e3o contextualizada.","potentialAction":[{"@type":"SearchAction","target":{"@type":"EntryPoint","urlTemplate":"https:\/\/hands.com.br\/academy\/?s={search_term_string}"},"query-input":{"@type":"PropertyValueSpecification","valueRequired":true,"valueName":"search_term_string"}}],"inLanguage":"pt-BR"},{"@type":"Person","@id":"https:\/\/hands.com.br\/academy\/#\/schema\/person\/9d852a6ed52a1379d769bf432727fa6b","name":"Administrador","image":{"@type":"ImageObject","inLanguage":"pt-BR","@id":"https:\/\/hands.com.br\/academy\/#\/schema\/person\/image\/","url":"https:\/\/secure.gravatar.com\/avatar\/6e97dd3e920664b2dbdc3a3ce28676f57cab114eea36c03b241a8d3e57702a5c?s=96&d=mm&r=g","contentUrl":"https:\/\/secure.gravatar.com\/avatar\/6e97dd3e920664b2dbdc3a3ce28676f57cab114eea36c03b241a8d3e57702a5c?s=96&d=mm&r=g","caption":"Administrador"},"sameAs":["https:\/\/hands.com.br\/academy"],"url":"https:\/\/hands.com.br\/academy\/index.php\/author\/administrador\/"}]}},"_links":{"self":[{"href":"https:\/\/hands.com.br\/academy\/index.php\/wp-json\/wp\/v2\/posts\/745","targetHints":{"allow":["GET"]}}],"collection":[{"href":"https:\/\/hands.com.br\/academy\/index.php\/wp-json\/wp\/v2\/posts"}],"about":[{"href":"https:\/\/hands.com.br\/academy\/index.php\/wp-json\/wp\/v2\/types\/post"}],"author":[{"embeddable":true,"href":"https:\/\/hands.com.br\/academy\/index.php\/wp-json\/wp\/v2\/users\/1"}],"replies":[{"embeddable":true,"href":"https:\/\/hands.com.br\/academy\/index.php\/wp-json\/wp\/v2\/comments?post=745"}],"version-history":[{"count":1,"href":"https:\/\/hands.com.br\/academy\/index.php\/wp-json\/wp\/v2\/posts\/745\/revisions"}],"predecessor-version":[{"id":748,"href":"https:\/\/hands.com.br\/academy\/index.php\/wp-json\/wp\/v2\/posts\/745\/revisions\/748"}],"wp:featuredmedia":[{"embeddable":true,"href":"https:\/\/hands.com.br\/academy\/index.php\/wp-json\/wp\/v2\/media\/756"}],"wp:attachment":[{"href":"https:\/\/hands.com.br\/academy\/index.php\/wp-json\/wp\/v2\/media?parent=745"}],"wp:term":[{"taxonomy":"category","embeddable":true,"href":"https:\/\/hands.com.br\/academy\/index.php\/wp-json\/wp\/v2\/categories?post=745"},{"taxonomy":"post_tag","embeddable":true,"href":"https:\/\/hands.com.br\/academy\/index.php\/wp-json\/wp\/v2\/tags?post=745"}],"curies":[{"name":"wp","href":"https:\/\/api.w.org\/{rel}","templated":true}]}}