{"id":456,"date":"2026-01-23T11:14:16","date_gmt":"2026-01-23T14:14:16","guid":{"rendered":"https:\/\/hands.com.br\/blog\/?p=456"},"modified":"2026-01-23T11:14:17","modified_gmt":"2026-01-23T14:14:17","slug":"com-15-feriados-em-2026-eficiencia-nao-vem-de-volume","status":"publish","type":"post","link":"https:\/\/hands.com.br\/blog\/index.php\/2026\/01\/23\/com-15-feriados-em-2026-eficiencia-nao-vem-de-volume\/","title":{"rendered":"Com 15 feriados em 2026 efici\u00eancia n\u00e3o vem de volume"},"content":{"rendered":"\n<p><\/p>\n\n\n\n<figure class=\"wp-block-image size-full\"><img loading=\"lazy\" decoding=\"async\" width=\"928\" height=\"790\" src=\"https:\/\/hands.com.br\/blog\/wp-content\/uploads\/2026\/01\/Screenshot-2026-01-23-at-14.12.49.png\" alt=\"\" class=\"wp-image-459\" srcset=\"https:\/\/hands.com.br\/blog\/wp-content\/uploads\/2026\/01\/Screenshot-2026-01-23-at-14.12.49.png 928w, https:\/\/hands.com.br\/blog\/wp-content\/uploads\/2026\/01\/Screenshot-2026-01-23-at-14.12.49-300x255.png 300w, https:\/\/hands.com.br\/blog\/wp-content\/uploads\/2026\/01\/Screenshot-2026-01-23-at-14.12.49-768x654.png 768w\" sizes=\"auto, (max-width: 928px) 100vw, 928px\" \/><\/figure>\n\n\n\n<p><\/p>\n\n\n\n<p>Em 2026, o calend\u00e1rio brasileiro traz 15 feriados nacionais com potencial real de ativa\u00e7\u00e3o de marcas. \u00c0 primeira vista, esse dado costuma ser tratado apenas como uma soma de oportunidades isoladas ao longo do ano. Na pr\u00e1tica, esse \u00e9 um erro comum. Feriados n\u00e3o s\u00e3o eventos pontuais e desconectados. Eles seguem padr\u00f5es de comportamento que se repetem ano ap\u00f3s ano, com varia\u00e7\u00f5es previs\u00edveis de deslocamento, perman\u00eancia e presen\u00e7a em determinados contextos.<\/p>\n\n\n\n<p>Quando marcas planejam a\u00e7\u00f5es de m\u00eddia apenas olhando para o feriado que est\u00e1 por vir, acabam operando de forma reativa. O resultado costuma ser o mesmo: aumento de volume, dispers\u00e3o de verba e baixa efici\u00eancia. O ponto central n\u00e3o est\u00e1 em falar com mais pessoas, mas em falar com as pessoas certas, no momento em que o comportamento j\u00e1 foi demonstrado.<\/p>\n\n\n\n<p>Cada feriado carrega caracter\u00edsticas pr\u00f3prias. Datas prolongadas tendem a estimular viagens e deslocamentos regionais. Feriados urbanos concentram presen\u00e7a em shoppings, parques, eventos culturais e \u00e1reas de lazer. H\u00e1 feriados em que o consumo se retrai e outros em que ele se intensifica. O que muda n\u00e3o \u00e9 apenas o destino, mas o modal de transporte, o tempo de perman\u00eancia e a frequ\u00eancia com que esses movimentos se repetem.<\/p>\n\n\n\n<p>Esses comportamentos deixam rastros. Locais frequentados, recorr\u00eancia de visitas, hor\u00e1rios de maior concentra\u00e7\u00e3o e fluxos entre regi\u00f5es formam um hist\u00f3rico consistente de mobilidade e presen\u00e7a. Quando observados ao longo dos \u00faltimos 12 meses, esses dados deixam de ser ind\u00edcios e passam a ser evid\u00eancia. N\u00e3o se trata de inten\u00e7\u00e3o declarada, mas de comportamento observado.<\/p>\n\n\n\n<p>\u00c9 nesse ponto que o planejamento deixa de ser gen\u00e9rico. Ao analisar o hist\u00f3rico de feriados equivalentes, \u00e9 poss\u00edvel entender onde as pessoas estiveram, quanto tempo permaneceram, com que frequ\u00eancia repetiram o movimento e em quais contextos isso aconteceu. Esse entendimento permite criar audi\u00eancias baseadas em padr\u00f5es reais, separando quem apenas passou por um local de quem, de fato, esteve presente.<\/p>\n\n\n\n<p>Na pr\u00e1tica, isso muda completamente a l\u00f3gica da ativa\u00e7\u00e3o. Em vez de ampliar o alcance indiscriminadamente, a marca passa a antecipar fluxo, presen\u00e7a e momento de impacto antes mesmo do evento acontecer. A comunica\u00e7\u00e3o deixa de competir por aten\u00e7\u00e3o em massa e passa a se inserir em contextos onde a probabilidade de relev\u00e2ncia j\u00e1 foi comprovada.<\/p>\n\n\n\n<p>Em feriados, efici\u00eancia n\u00e3o vem de volume. Vem de ativar quem j\u00e1 demonstrou comportamento semelhante em datas equivalentes. Vem de entender que o calend\u00e1rio \u00e9 apenas o gatilho, enquanto o verdadeiro diferencial est\u00e1 na leitura hist\u00f3rica dos dados. Marcas que operam com essa l\u00f3gica n\u00e3o dependem de sorte ou timing perfeito. Elas trabalham com previsibilidade, contexto e precis\u00e3o.<\/p>\n\n\n\n<p>Planejar m\u00eddia para feriados, portanto, n\u00e3o \u00e9 sobre inventar novas narrativas a cada data. \u00c9 sobre reconhecer padr\u00f5es, aprender com o passado recente e transformar comportamento em intelig\u00eancia acion\u00e1vel.<\/p>\n\n\n\n<p>Pensando no planejamento, o dado deixa de responder apenas ao \u201co que aconteceu\u201d e passa a sustentar o \u201cpor que aconteceu\u201d e, principalmente, o \u201co que tende a acontecer de novo\u201d. A an\u00e1lise hist\u00f3rica dos \u00faltimos 12 meses permite identificar correla\u00e7\u00f5es entre tipo de feriado, contexto geogr\u00e1fico, perfil de deslocamento e intensidade de presen\u00e7a, criando modelos compar\u00e1veis entre datas diferentes, mas comportamentalmente equivalentes.<\/p>\n\n\n\n<p>Isso significa que dois feriados distintos no calend\u00e1rio podem gerar oportunidades semelhantes do ponto de vista de m\u00eddia. Um feriado prolongado fora de alta temporada pode apresentar padr\u00f5es pr\u00f3ximos aos de um feriado religioso urbano. Um evento regional pode replicar din\u00e2micas vistas em datas nacionais anteriores, desde que o comportamento de fluxo e perman\u00eancia seja similar. O calend\u00e1rio deixa de ser o driver principal e passa a ser apenas uma camada de ativa\u00e7\u00e3o sobre padr\u00f5es j\u00e1 conhecidos.<\/p>\n\n\n\n<p>Quando esse n\u00edvel de leitura \u00e9 incorporado ao planejamento, a tomada de decis\u00e3o muda de patamar. A defini\u00e7\u00e3o de verba, canais e formatos passa a considerar densidade de presen\u00e7a, recorr\u00eancia e contexto, e n\u00e3o apenas volume potencial de impacto. Audi\u00eancias deixam de ser constru\u00eddas com base em recortes gen\u00e9ricos e passam a refletir clusters comportamentais reais, derivados de hist\u00f3rico observado.<\/p>\n\n\n\n<p>\u00c9 assim que dados deixam de ser retrospectivos e passam a orientar decis\u00f5es estrat\u00e9gicas com previsibilidade, reduzindo dispers\u00e3o de investimento e aumentando a efici\u00eancia das ativa\u00e7\u00f5es em feriados.<\/p>\n","protected":false},"excerpt":{"rendered":"<p>Em 2026, o calend\u00e1rio brasileiro traz 15 feriados nacionais com potencial real de ativa\u00e7\u00e3o de marcas. \u00c0 primeira vista, esse dado costuma ser tratado apenas como uma soma de oportunidades isoladas ao longo do ano. Na pr\u00e1tica, esse \u00e9 um erro comum. Feriados n\u00e3o s\u00e3o eventos pontuais e desconectados. Eles seguem padr\u00f5es de comportamento que [&hellip;]<\/p>\n","protected":false},"author":1,"featured_media":459,"comment_status":"closed","ping_status":"open","sticky":false,"template":"","format":"standard","meta":{"footnotes":""},"categories":[1],"tags":[],"class_list":["post-456","post","type-post","status-publish","format-standard","has-post-thumbnail","hentry","category-midia"],"yoast_head":"<!-- This site is optimized with the Yoast SEO plugin v26.1.1 - https:\/\/yoast.com\/wordpress\/plugins\/seo\/ -->\n<title>Com 15 feriados em 2026 efici\u00eancia n\u00e3o vem de volume - Blog Hands<\/title>\n<meta name=\"robots\" content=\"index, follow, max-snippet:-1, max-image-preview:large, max-video-preview:-1\" \/>\n<link rel=\"canonical\" href=\"https:\/\/hands.com.br\/blog\/index.php\/2026\/01\/23\/com-15-feriados-em-2026-eficiencia-nao-vem-de-volume\/\" \/>\n<meta property=\"og:locale\" content=\"pt_BR\" \/>\n<meta property=\"og:type\" content=\"article\" \/>\n<meta property=\"og:title\" content=\"Com 15 feriados em 2026 efici\u00eancia n\u00e3o vem de volume - Blog Hands\" \/>\n<meta property=\"og:description\" content=\"Em 2026, o calend\u00e1rio brasileiro traz 15 feriados nacionais com potencial real de ativa\u00e7\u00e3o de marcas. \u00c0 primeira vista, esse dado costuma ser tratado apenas como uma soma de oportunidades isoladas ao longo do ano. Na pr\u00e1tica, esse \u00e9 um erro comum. Feriados n\u00e3o s\u00e3o eventos pontuais e desconectados. Eles seguem padr\u00f5es de comportamento que [&hellip;]\" \/>\n<meta property=\"og:url\" content=\"https:\/\/hands.com.br\/blog\/index.php\/2026\/01\/23\/com-15-feriados-em-2026-eficiencia-nao-vem-de-volume\/\" \/>\n<meta property=\"og:site_name\" content=\"Blog Hands\" \/>\n<meta property=\"article:published_time\" content=\"2026-01-23T14:14:16+00:00\" \/>\n<meta property=\"article:modified_time\" content=\"2026-01-23T14:14:17+00:00\" \/>\n<meta property=\"og:image\" content=\"https:\/\/hands.com.br\/blog\/wp-content\/uploads\/2026\/01\/Screenshot-2026-01-23-at-14.12.49.png\" \/>\n\t<meta property=\"og:image:width\" content=\"928\" \/>\n\t<meta property=\"og:image:height\" content=\"790\" \/>\n\t<meta property=\"og:image:type\" content=\"image\/png\" \/>\n<meta name=\"author\" content=\"Administrador\" \/>\n<meta name=\"twitter:card\" content=\"summary_large_image\" \/>\n<meta name=\"twitter:label1\" content=\"Escrito por\" \/>\n\t<meta name=\"twitter:data1\" content=\"Administrador\" \/>\n\t<meta name=\"twitter:label2\" content=\"Est. tempo de leitura\" \/>\n\t<meta name=\"twitter:data2\" content=\"5 minutos\" \/>\n<script type=\"application\/ld+json\" class=\"yoast-schema-graph\">{\"@context\":\"https:\/\/schema.org\",\"@graph\":[{\"@type\":\"WebPage\",\"@id\":\"https:\/\/hands.com.br\/blog\/index.php\/2026\/01\/23\/com-15-feriados-em-2026-eficiencia-nao-vem-de-volume\/\",\"url\":\"https:\/\/hands.com.br\/blog\/index.php\/2026\/01\/23\/com-15-feriados-em-2026-eficiencia-nao-vem-de-volume\/\",\"name\":\"Com 15 feriados em 2026 efici\u00eancia n\u00e3o vem de volume - Blog Hands\",\"isPartOf\":{\"@id\":\"https:\/\/hands.com.br\/blog\/#website\"},\"primaryImageOfPage\":{\"@id\":\"https:\/\/hands.com.br\/blog\/index.php\/2026\/01\/23\/com-15-feriados-em-2026-eficiencia-nao-vem-de-volume\/#primaryimage\"},\"image\":{\"@id\":\"https:\/\/hands.com.br\/blog\/index.php\/2026\/01\/23\/com-15-feriados-em-2026-eficiencia-nao-vem-de-volume\/#primaryimage\"},\"thumbnailUrl\":\"https:\/\/hands.com.br\/blog\/wp-content\/uploads\/2026\/01\/Screenshot-2026-01-23-at-14.12.49.png\",\"datePublished\":\"2026-01-23T14:14:16+00:00\",\"dateModified\":\"2026-01-23T14:14:17+00:00\",\"author\":{\"@id\":\"https:\/\/hands.com.br\/blog\/#\/schema\/person\/9d852a6ed52a1379d769bf432727fa6b\"},\"breadcrumb\":{\"@id\":\"https:\/\/hands.com.br\/blog\/index.php\/2026\/01\/23\/com-15-feriados-em-2026-eficiencia-nao-vem-de-volume\/#breadcrumb\"},\"inLanguage\":\"pt-BR\",\"potentialAction\":[{\"@type\":\"ReadAction\",\"target\":[\"https:\/\/hands.com.br\/blog\/index.php\/2026\/01\/23\/com-15-feriados-em-2026-eficiencia-nao-vem-de-volume\/\"]}]},{\"@type\":\"ImageObject\",\"inLanguage\":\"pt-BR\",\"@id\":\"https:\/\/hands.com.br\/blog\/index.php\/2026\/01\/23\/com-15-feriados-em-2026-eficiencia-nao-vem-de-volume\/#primaryimage\",\"url\":\"https:\/\/hands.com.br\/blog\/wp-content\/uploads\/2026\/01\/Screenshot-2026-01-23-at-14.12.49.png\",\"contentUrl\":\"https:\/\/hands.com.br\/blog\/wp-content\/uploads\/2026\/01\/Screenshot-2026-01-23-at-14.12.49.png\",\"width\":928,\"height\":790},{\"@type\":\"BreadcrumbList\",\"@id\":\"https:\/\/hands.com.br\/blog\/index.php\/2026\/01\/23\/com-15-feriados-em-2026-eficiencia-nao-vem-de-volume\/#breadcrumb\",\"itemListElement\":[{\"@type\":\"ListItem\",\"position\":1,\"name\":\"Home\",\"item\":\"https:\/\/hands.com.br\/blog\/\"},{\"@type\":\"ListItem\",\"position\":2,\"name\":\"Com 15 feriados em 2026 efici\u00eancia n\u00e3o vem de volume\"}]},{\"@type\":\"WebSite\",\"@id\":\"https:\/\/hands.com.br\/blog\/#website\",\"url\":\"https:\/\/hands.com.br\/blog\/\",\"name\":\"Blog Hands\",\"description\":\"A Hands Mobile \u00e9 uma empresa de tecnologia que reune intelig\u00eancia de dados e ativa\u00e7\u00e3o contextualizada.\",\"potentialAction\":[{\"@type\":\"SearchAction\",\"target\":{\"@type\":\"EntryPoint\",\"urlTemplate\":\"https:\/\/hands.com.br\/blog\/?s={search_term_string}\"},\"query-input\":{\"@type\":\"PropertyValueSpecification\",\"valueRequired\":true,\"valueName\":\"search_term_string\"}}],\"inLanguage\":\"pt-BR\"},{\"@type\":\"Person\",\"@id\":\"https:\/\/hands.com.br\/blog\/#\/schema\/person\/9d852a6ed52a1379d769bf432727fa6b\",\"name\":\"Administrador\",\"image\":{\"@type\":\"ImageObject\",\"inLanguage\":\"pt-BR\",\"@id\":\"https:\/\/hands.com.br\/blog\/#\/schema\/person\/image\/\",\"url\":\"https:\/\/secure.gravatar.com\/avatar\/6e97dd3e920664b2dbdc3a3ce28676f57cab114eea36c03b241a8d3e57702a5c?s=96&d=mm&r=g\",\"contentUrl\":\"https:\/\/secure.gravatar.com\/avatar\/6e97dd3e920664b2dbdc3a3ce28676f57cab114eea36c03b241a8d3e57702a5c?s=96&d=mm&r=g\",\"caption\":\"Administrador\"},\"sameAs\":[\"https:\/\/hands.com.br\/blog\"],\"url\":\"https:\/\/hands.com.br\/blog\/index.php\/author\/administrador\/\"}]}<\/script>\n<!-- \/ Yoast SEO plugin. -->","yoast_head_json":{"title":"Com 15 feriados em 2026 efici\u00eancia n\u00e3o vem de volume - Blog Hands","robots":{"index":"index","follow":"follow","max-snippet":"max-snippet:-1","max-image-preview":"max-image-preview:large","max-video-preview":"max-video-preview:-1"},"canonical":"https:\/\/hands.com.br\/blog\/index.php\/2026\/01\/23\/com-15-feriados-em-2026-eficiencia-nao-vem-de-volume\/","og_locale":"pt_BR","og_type":"article","og_title":"Com 15 feriados em 2026 efici\u00eancia n\u00e3o vem de volume - Blog Hands","og_description":"Em 2026, o calend\u00e1rio brasileiro traz 15 feriados nacionais com potencial real de ativa\u00e7\u00e3o de marcas. \u00c0 primeira vista, esse dado costuma ser tratado apenas como uma soma de oportunidades isoladas ao longo do ano. Na pr\u00e1tica, esse \u00e9 um erro comum. Feriados n\u00e3o s\u00e3o eventos pontuais e desconectados. Eles seguem padr\u00f5es de comportamento que [&hellip;]","og_url":"https:\/\/hands.com.br\/blog\/index.php\/2026\/01\/23\/com-15-feriados-em-2026-eficiencia-nao-vem-de-volume\/","og_site_name":"Blog Hands","article_published_time":"2026-01-23T14:14:16+00:00","article_modified_time":"2026-01-23T14:14:17+00:00","og_image":[{"width":928,"height":790,"url":"https:\/\/hands.com.br\/blog\/wp-content\/uploads\/2026\/01\/Screenshot-2026-01-23-at-14.12.49.png","type":"image\/png"}],"author":"Administrador","twitter_card":"summary_large_image","twitter_misc":{"Escrito por":"Administrador","Est. tempo de leitura":"5 minutos"},"schema":{"@context":"https:\/\/schema.org","@graph":[{"@type":"WebPage","@id":"https:\/\/hands.com.br\/blog\/index.php\/2026\/01\/23\/com-15-feriados-em-2026-eficiencia-nao-vem-de-volume\/","url":"https:\/\/hands.com.br\/blog\/index.php\/2026\/01\/23\/com-15-feriados-em-2026-eficiencia-nao-vem-de-volume\/","name":"Com 15 feriados em 2026 efici\u00eancia n\u00e3o vem de volume - Blog Hands","isPartOf":{"@id":"https:\/\/hands.com.br\/blog\/#website"},"primaryImageOfPage":{"@id":"https:\/\/hands.com.br\/blog\/index.php\/2026\/01\/23\/com-15-feriados-em-2026-eficiencia-nao-vem-de-volume\/#primaryimage"},"image":{"@id":"https:\/\/hands.com.br\/blog\/index.php\/2026\/01\/23\/com-15-feriados-em-2026-eficiencia-nao-vem-de-volume\/#primaryimage"},"thumbnailUrl":"https:\/\/hands.com.br\/blog\/wp-content\/uploads\/2026\/01\/Screenshot-2026-01-23-at-14.12.49.png","datePublished":"2026-01-23T14:14:16+00:00","dateModified":"2026-01-23T14:14:17+00:00","author":{"@id":"https:\/\/hands.com.br\/blog\/#\/schema\/person\/9d852a6ed52a1379d769bf432727fa6b"},"breadcrumb":{"@id":"https:\/\/hands.com.br\/blog\/index.php\/2026\/01\/23\/com-15-feriados-em-2026-eficiencia-nao-vem-de-volume\/#breadcrumb"},"inLanguage":"pt-BR","potentialAction":[{"@type":"ReadAction","target":["https:\/\/hands.com.br\/blog\/index.php\/2026\/01\/23\/com-15-feriados-em-2026-eficiencia-nao-vem-de-volume\/"]}]},{"@type":"ImageObject","inLanguage":"pt-BR","@id":"https:\/\/hands.com.br\/blog\/index.php\/2026\/01\/23\/com-15-feriados-em-2026-eficiencia-nao-vem-de-volume\/#primaryimage","url":"https:\/\/hands.com.br\/blog\/wp-content\/uploads\/2026\/01\/Screenshot-2026-01-23-at-14.12.49.png","contentUrl":"https:\/\/hands.com.br\/blog\/wp-content\/uploads\/2026\/01\/Screenshot-2026-01-23-at-14.12.49.png","width":928,"height":790},{"@type":"BreadcrumbList","@id":"https:\/\/hands.com.br\/blog\/index.php\/2026\/01\/23\/com-15-feriados-em-2026-eficiencia-nao-vem-de-volume\/#breadcrumb","itemListElement":[{"@type":"ListItem","position":1,"name":"Home","item":"https:\/\/hands.com.br\/blog\/"},{"@type":"ListItem","position":2,"name":"Com 15 feriados em 2026 efici\u00eancia n\u00e3o vem de volume"}]},{"@type":"WebSite","@id":"https:\/\/hands.com.br\/blog\/#website","url":"https:\/\/hands.com.br\/blog\/","name":"Blog Hands","description":"A Hands Mobile \u00e9 uma empresa de tecnologia que reune intelig\u00eancia de dados e ativa\u00e7\u00e3o contextualizada.","potentialAction":[{"@type":"SearchAction","target":{"@type":"EntryPoint","urlTemplate":"https:\/\/hands.com.br\/blog\/?s={search_term_string}"},"query-input":{"@type":"PropertyValueSpecification","valueRequired":true,"valueName":"search_term_string"}}],"inLanguage":"pt-BR"},{"@type":"Person","@id":"https:\/\/hands.com.br\/blog\/#\/schema\/person\/9d852a6ed52a1379d769bf432727fa6b","name":"Administrador","image":{"@type":"ImageObject","inLanguage":"pt-BR","@id":"https:\/\/hands.com.br\/blog\/#\/schema\/person\/image\/","url":"https:\/\/secure.gravatar.com\/avatar\/6e97dd3e920664b2dbdc3a3ce28676f57cab114eea36c03b241a8d3e57702a5c?s=96&d=mm&r=g","contentUrl":"https:\/\/secure.gravatar.com\/avatar\/6e97dd3e920664b2dbdc3a3ce28676f57cab114eea36c03b241a8d3e57702a5c?s=96&d=mm&r=g","caption":"Administrador"},"sameAs":["https:\/\/hands.com.br\/blog"],"url":"https:\/\/hands.com.br\/blog\/index.php\/author\/administrador\/"}]}},"_links":{"self":[{"href":"https:\/\/hands.com.br\/blog\/index.php\/wp-json\/wp\/v2\/posts\/456","targetHints":{"allow":["GET"]}}],"collection":[{"href":"https:\/\/hands.com.br\/blog\/index.php\/wp-json\/wp\/v2\/posts"}],"about":[{"href":"https:\/\/hands.com.br\/blog\/index.php\/wp-json\/wp\/v2\/types\/post"}],"author":[{"embeddable":true,"href":"https:\/\/hands.com.br\/blog\/index.php\/wp-json\/wp\/v2\/users\/1"}],"replies":[{"embeddable":true,"href":"https:\/\/hands.com.br\/blog\/index.php\/wp-json\/wp\/v2\/comments?post=456"}],"version-history":[{"count":1,"href":"https:\/\/hands.com.br\/blog\/index.php\/wp-json\/wp\/v2\/posts\/456\/revisions"}],"predecessor-version":[{"id":460,"href":"https:\/\/hands.com.br\/blog\/index.php\/wp-json\/wp\/v2\/posts\/456\/revisions\/460"}],"wp:featuredmedia":[{"embeddable":true,"href":"https:\/\/hands.com.br\/blog\/index.php\/wp-json\/wp\/v2\/media\/459"}],"wp:attachment":[{"href":"https:\/\/hands.com.br\/blog\/index.php\/wp-json\/wp\/v2\/media?parent=456"}],"wp:term":[{"taxonomy":"category","embeddable":true,"href":"https:\/\/hands.com.br\/blog\/index.php\/wp-json\/wp\/v2\/categories?post=456"},{"taxonomy":"post_tag","embeddable":true,"href":"https:\/\/hands.com.br\/blog\/index.php\/wp-json\/wp\/v2\/tags?post=456"}],"curies":[{"name":"wp","href":"https:\/\/api.w.org\/{rel}","templated":true}]}}